{"id":9404,"date":"2025-10-14T17:21:01","date_gmt":"2025-10-14T16:21:01","guid":{"rendered":"https:\/\/campezo.com\/?p=9404"},"modified":"2025-10-14T17:21:09","modified_gmt":"2025-10-14T16:21:09","slug":"semana-gestion-avanzada-jornada-izaite","status":"publish","type":"post","link":"https:\/\/campezo.com\/eu\/semana-gestion-avanzada-jornada-izaite\/","title":{"rendered":"Grupo Campezo participa en la Jornada de Izaite en la 31\u00aa Semana Europea de la Gesti\u00f3n Avanzada"},"content":{"rendered":"<p>La<strong> Semana Europea de la Gesti\u00f3n Avanzada<\/strong> celebra en 2025 su 31\u00aa edici\u00f3n, con el foco puesto en un aspecto clave para el desarrollo organizativo: la cultura en las organizaciones avanzadas.\u00a0Coordinada por <a href=\"https:\/\/www.euskalit.net\/semana\/\">EUSKALIT<\/a> en el Pa\u00eds Vasco, esta cita forma parte de una iniciativa europea que promueve cada oto\u00f1o la difusi\u00f3n de buenas pr\u00e1cticas, la reflexi\u00f3n estrat\u00e9gica y la mejora continua en la gesti\u00f3n de todo tipo de organizaciones.<\/p>\n<p>En Grupo Campezo seguimos comprometidos con la sostenibilidad, la excelencia y la mejora continua en nuestra gesti\u00f3n. En esta l\u00ednea, hemos participado en una\u00a0Jornada organizada por <a href=\"https:\/\/www.izaite.net\/\">Izaite, Asociaci\u00f3n de Empresas Vascas por la Sostenibilidad<\/a>, centrada en los modelos de gesti\u00f3n, certificaciones y est\u00e1ndares de sostenibilidad, as\u00ed como en su contribuci\u00f3n a los Objetivos de Desarrollo Sostenible (ODS).<\/p>\n<p>En esta Jornada hemos compartido nuestra experiencia en materia de sostenibilidad corporativa, integrando los principios ambientales, sociales y de gobernanza (ESG) en nuestra estrategia, avanzando hacia un modelo de desarrollo m\u00e1s responsable y alineado con la Agenda 2030.<\/p>\n<p>En Campezo contamos con un sistema de gesti\u00f3n integral respaldado por diversas certificaciones que avalan nuestro compromiso con la calidad, la seguridad y el respeto al medio ambiente:<\/p>\n<ul>\n<li>ISO 9001 de Gesti\u00f3n de la Calidad<\/li>\n<li>ISO 14001 de Gesti\u00f3n Ambiental<\/li>\n<li>ISO 45001 de Seguridad y Salud en el Trabajo<\/li>\n<li>UNE-EN ISO 50001 de Gesti\u00f3n Energ\u00e9tica<\/li>\n<li>UNE-EN ISO 14064 de Huella de Carbono<\/li>\n<li>EMAS<\/li>\n<li>Huella Ambiental Corporativa, conforme a la especificaci\u00f3n t\u00e9cnica internacional ISO\/TS 14072<\/li>\n<li>Contribuci\u00f3n a los Objetivos de Desarrollo Sostenible (ODS)<\/li>\n<\/ul>\n\n\t\t<style>\n\t\t\t#gallery-1 {\n\t\t\t\tmargin: auto;\n\t\t\t}\n\t\t\t#gallery-1 .gallery-item {\n\t\t\t\tfloat: left;\n\t\t\t\tmargin-top: 10px;\n\t\t\t\ttext-align: center;\n\t\t\t\twidth: 33%;\n\t\t\t}\n\t\t\t#gallery-1 img {\n\t\t\t\tborder: 2px solid #cfcfcf;\n\t\t\t}\n\t\t\t#gallery-1 .gallery-caption {\n\t\t\t\tmargin-left: 0;\n\t\t\t}\n\t\t\t\/* see gallery_shortcode() in wp-includes\/media.php *\/\n\t\t<\/style>\n\t\t<div id='gallery-1' class='gallery galleryid-9404 gallery-columns-3 gallery-size-medium'><dl class='gallery-item'>\n\t\t\t<dt class='gallery-icon landscape'>\n\t\t\t\t<a data-rel=\"iLightbox[postimages]\" data-title=\"imagen jornada Izaite-web4\" data-caption=\"\" href='https:\/\/campezo.com\/eu\/semana-gestion-avanzada-jornada-izaite\/imagen-jornada-izaite-web4-2\/'><img decoding=\"async\" width=\"300\" height=\"200\" src=\"https:\/\/campezo.com\/wp-content\/uploads\/2025\/10\/imagen-jornada-Izaite-web4-300x200.jpg\" class=\"attachment-medium size-medium lazyload\" alt=\"\" srcset=\"data:image\/svg+xml,%3Csvg%20xmlns%3D%27http%3A%2F%2Fwww.w3.org%2F2000%2Fsvg%27%20width%3D%27960%27%20height%3D%27640%27%20viewBox%3D%270%200%20960%20640%27%3E%3Crect%20width%3D%27960%27%20height%3D%27640%27%20fill-opacity%3D%220%22%2F%3E%3C%2Fsvg%3E\" data-orig-src=\"https:\/\/campezo.com\/wp-content\/uploads\/2025\/10\/imagen-jornada-Izaite-web4-300x200.jpg\" data-srcset=\"https:\/\/campezo.com\/wp-content\/uploads\/2025\/10\/imagen-jornada-Izaite-web4-200x133.jpg 200w, https:\/\/campezo.com\/wp-content\/uploads\/2025\/10\/imagen-jornada-Izaite-web4-300x200.jpg 300w, https:\/\/campezo.com\/wp-content\/uploads\/2025\/10\/imagen-jornada-Izaite-web4-400x267.jpg 400w, https:\/\/campezo.com\/wp-content\/uploads\/2025\/10\/imagen-jornada-Izaite-web4-600x400.jpg 600w, https:\/\/campezo.com\/wp-content\/uploads\/2025\/10\/imagen-jornada-Izaite-web4-768x512.jpg 768w, https:\/\/campezo.com\/wp-content\/uploads\/2025\/10\/imagen-jornada-Izaite-web4-800x533.jpg 800w, https:\/\/campezo.com\/wp-content\/uploads\/2025\/10\/imagen-jornada-Izaite-web4.jpg 960w\" data-sizes=\"auto\" \/><\/a>\n\t\t\t<\/dt><\/dl><dl class='gallery-item'>\n\t\t\t<dt class='gallery-icon landscape'>\n\t\t\t\t<a data-rel=\"iLightbox[postimages]\" data-title=\"imagen jornada Izaite-web3\" data-caption=\"\" href='https:\/\/campezo.com\/eu\/semana-gestion-avanzada-jornada-izaite\/imagen-jornada-izaite-web3-2\/'><img decoding=\"async\" width=\"300\" height=\"200\" src=\"https:\/\/campezo.com\/wp-content\/uploads\/2025\/10\/imagen-jornada-Izaite-web3-300x200.jpg\" class=\"attachment-medium size-medium lazyload\" alt=\"\" srcset=\"data:image\/svg+xml,%3Csvg%20xmlns%3D%27http%3A%2F%2Fwww.w3.org%2F2000%2Fsvg%27%20width%3D%27960%27%20height%3D%27640%27%20viewBox%3D%270%200%20960%20640%27%3E%3Crect%20width%3D%27960%27%20height%3D%27640%27%20fill-opacity%3D%220%22%2F%3E%3C%2Fsvg%3E\" data-orig-src=\"https:\/\/campezo.com\/wp-content\/uploads\/2025\/10\/imagen-jornada-Izaite-web3-300x200.jpg\" data-srcset=\"https:\/\/campezo.com\/wp-content\/uploads\/2025\/10\/imagen-jornada-Izaite-web3-200x133.jpg 200w, https:\/\/campezo.com\/wp-content\/uploads\/2025\/10\/imagen-jornada-Izaite-web3-300x200.jpg 300w, https:\/\/campezo.com\/wp-content\/uploads\/2025\/10\/imagen-jornada-Izaite-web3-400x267.jpg 400w, https:\/\/campezo.com\/wp-content\/uploads\/2025\/10\/imagen-jornada-Izaite-web3-600x400.jpg 600w, https:\/\/campezo.com\/wp-content\/uploads\/2025\/10\/imagen-jornada-Izaite-web3-768x512.jpg 768w, https:\/\/campezo.com\/wp-content\/uploads\/2025\/10\/imagen-jornada-Izaite-web3-800x533.jpg 800w, https:\/\/campezo.com\/wp-content\/uploads\/2025\/10\/imagen-jornada-Izaite-web3.jpg 960w\" data-sizes=\"auto\" \/><\/a>\n\t\t\t<\/dt><\/dl><dl class='gallery-item'>\n\t\t\t<dt class='gallery-icon landscape'>\n\t\t\t\t<a data-rel=\"iLightbox[postimages]\" data-title=\"imagen jornada Izaite-web2\" data-caption=\"\" href='https:\/\/campezo.com\/eu\/semana-gestion-avanzada-jornada-izaite\/imagen-jornada-izaite-web2-2\/'><img decoding=\"async\" width=\"300\" height=\"200\" src=\"https:\/\/campezo.com\/wp-content\/uploads\/2025\/10\/imagen-jornada-Izaite-web2-300x200.jpg\" class=\"attachment-medium size-medium lazyload\" alt=\"\" srcset=\"data:image\/svg+xml,%3Csvg%20xmlns%3D%27http%3A%2F%2Fwww.w3.org%2F2000%2Fsvg%27%20width%3D%27960%27%20height%3D%27640%27%20viewBox%3D%270%200%20960%20640%27%3E%3Crect%20width%3D%27960%27%20height%3D%27640%27%20fill-opacity%3D%220%22%2F%3E%3C%2Fsvg%3E\" data-orig-src=\"https:\/\/campezo.com\/wp-content\/uploads\/2025\/10\/imagen-jornada-Izaite-web2-300x200.jpg\" data-srcset=\"https:\/\/campezo.com\/wp-content\/uploads\/2025\/10\/imagen-jornada-Izaite-web2-200x133.jpg 200w, https:\/\/campezo.com\/wp-content\/uploads\/2025\/10\/imagen-jornada-Izaite-web2-300x200.jpg 300w, https:\/\/campezo.com\/wp-content\/uploads\/2025\/10\/imagen-jornada-Izaite-web2-400x267.jpg 400w, https:\/\/campezo.com\/wp-content\/uploads\/2025\/10\/imagen-jornada-Izaite-web2-600x400.jpg 600w, https:\/\/campezo.com\/wp-content\/uploads\/2025\/10\/imagen-jornada-Izaite-web2-768x512.jpg 768w, https:\/\/campezo.com\/wp-content\/uploads\/2025\/10\/imagen-jornada-Izaite-web2-800x533.jpg 800w, https:\/\/campezo.com\/wp-content\/uploads\/2025\/10\/imagen-jornada-Izaite-web2.jpg 960w\" data-sizes=\"auto\" \/><\/a>\n\t\t\t<\/dt><\/dl><br style=\"clear: both\" \/>\n\t\t<\/div>\n\n<p>&nbsp;<\/p>\n","protected":false},"excerpt":{"rendered":"<p>La Semana Europea de la Gesti\u00f3n Avanzada celebra en 2025 su 31\u00aa edici\u00f3n, con el foco puesto en un aspecto clave para el desarrollo organizativo: la cultura en las organizaciones avanzadas.\u00a0Coordinada por EUSKALIT en el Pa\u00eds Vasco, esta cita forma parte de una iniciativa europea que promueve cada oto\u00f1o la difusi\u00f3n de buenas pr\u00e1cticas, la<\/p>\n","protected":false},"author":3,"featured_media":9397,"comment_status":"open","ping_status":"open","sticky":false,"template":"","format":"standard","meta":{"_acf_changed":false,"footnotes":""},"categories":[262,283,323],"tags":[],"class_list":["post-9404","post","type-post","status-publish","format-standard","has-post-thumbnail","hentry","category-asg-erantzukizun-sozial-korporatiboa","category-korporatiboa","category-sector-eu"],"acf":[],"_links":{"self":[{"href":"https:\/\/campezo.com\/eu\/wp-json\/wp\/v2\/posts\/9404","targetHints":{"allow":["GET"]}}],"collection":[{"href":"https:\/\/campezo.com\/eu\/wp-json\/wp\/v2\/posts"}],"about":[{"href":"https:\/\/campezo.com\/eu\/wp-json\/wp\/v2\/types\/post"}],"author":[{"embeddable":true,"href":"https:\/\/campezo.com\/eu\/wp-json\/wp\/v2\/users\/3"}],"replies":[{"embeddable":true,"href":"https:\/\/campezo.com\/eu\/wp-json\/wp\/v2\/comments?post=9404"}],"version-history":[{"count":5,"href":"https:\/\/campezo.com\/eu\/wp-json\/wp\/v2\/posts\/9404\/revisions"}],"predecessor-version":[{"id":9419,"href":"https:\/\/campezo.com\/eu\/wp-json\/wp\/v2\/posts\/9404\/revisions\/9419"}],"wp:featuredmedia":[{"embeddable":true,"href":"https:\/\/campezo.com\/eu\/wp-json\/wp\/v2\/media\/9397"}],"wp:attachment":[{"href":"https:\/\/campezo.com\/eu\/wp-json\/wp\/v2\/media?parent=9404"}],"wp:term":[{"taxonomy":"category","embeddable":true,"href":"https:\/\/campezo.com\/eu\/wp-json\/wp\/v2\/categories?post=9404"},{"taxonomy":"post_tag","embeddable":true,"href":"https:\/\/campezo.com\/eu\/wp-json\/wp\/v2\/tags?post=9404"}],"curies":[{"name":"wp","href":"https:\/\/api.w.org\/{rel}","templated":true}]}}