{"id":9356,"date":"2025-10-03T14:30:36","date_gmt":"2025-10-03T13:30:36","guid":{"rendered":"https:\/\/campezo.com\/jornada-estrategica-decarbonizacion-descarbon-hub-aclima\/"},"modified":"2025-10-03T16:57:22","modified_gmt":"2025-10-03T15:57:22","slug":"jornada-estrategica-decarbonizacion-descarbon-hub-aclima","status":"publish","type":"post","link":"https:\/\/campezo.com\/eu\/jornada-estrategica-decarbonizacion-descarbon-hub-aclima\/","title":{"rendered":"Campezo participa en la Jornada Estrat\u00e9gica DECARBON HUB, organizada por Aclima"},"content":{"rendered":"<p>Las metas europeas son\u00a0<b>ambiciosas y legalmente vinculantes: reducir al menos un 55% las emisiones en 2030 y alcanzar el 90% en 2040<\/b>. Para lograrlo, la\u00a0<b>Comisi\u00f3n Europea<\/b>\u00a0ha elevado a un lugar prioritario \u00e1mbitos como la\u00a0<b>captura, uso y almacenamiento de carbono<\/b>, as\u00ed como los mecanismos de compensaci\u00f3n. En esta nueva hoja de ruta, es clave incorporar enfoques complementarios que permitan abordar los sectores de dif\u00edcil descarbonizaci\u00f3n y activar soluciones integrales que contemplen otras variables m\u00e1s all\u00e1 de la imprescindible transici\u00f3n energ\u00e9tica.<\/p>\n<p>Esta Jornada Estrat\u00e9gica organizada por <a href=\"https:\/\/aclima.eus\/\">Aclima<\/a>, Basque Environment Cluster pone en valor la apuesta por una\u00a0<b>gesti\u00f3n industrial del carbono alineada con los objetivos del Pacto Industrial Limpio de la UE y basada en principios de Econom\u00eda Circular<\/b>, capaz de generar nuevas cadenas de valor, transformar procesos productivos y reforzar la competitividad del tejido industrial de Euskadi.<\/p>\n<p>Ainhoa Gonz\u00e1lez L\u00e1inez, Responsable de Estrategia Ambiental, ha compartido la visi\u00f3n y experiencia de Grupo Campezo, junto a Adolfo Uriarte Villalba, director de Patrimonio Natural y Adaptaci\u00f3n al Cambio Clim\u00e1tico del Gobierno Vasco, y Amelia Uria Pe\u00f1a, Coordinadora de la Confederaci\u00f3n de Forestalistas del Pa\u00eds Vasco, en una mesa redonda moderada por la directora cient\u00edfica de BC3 &#8211; Basque Centre for Climate Change), Maria J. Sanz Sanchez.<\/p>\n<p><img decoding=\"async\" class=\"lazyload alignnone wp-image-9364 size-large\" src=\"https:\/\/campezo.com\/wp-content\/uploads\/2025\/10\/jornada-descarbonizacion-ACLIMA-octubre-2025-1024x610.jpeg\" data-orig-src=\"https:\/\/campezo.com\/wp-content\/uploads\/2025\/10\/jornada-descarbonizacion-ACLIMA-octubre-2025-1024x610.jpeg\" alt=\"\" width=\"1024\" height=\"610\" srcset=\"data:image\/svg+xml,%3Csvg%20xmlns%3D%27http%3A%2F%2Fwww.w3.org%2F2000%2Fsvg%27%20width%3D%271024%27%20height%3D%27610%27%20viewBox%3D%270%200%201024%20610%27%3E%3Crect%20width%3D%271024%27%20height%3D%27610%27%20fill-opacity%3D%220%22%2F%3E%3C%2Fsvg%3E\" data-srcset=\"https:\/\/campezo.com\/wp-content\/uploads\/2025\/10\/jornada-descarbonizacion-ACLIMA-octubre-2025-200x119.jpeg 200w, https:\/\/campezo.com\/wp-content\/uploads\/2025\/10\/jornada-descarbonizacion-ACLIMA-octubre-2025-300x179.jpeg 300w, https:\/\/campezo.com\/wp-content\/uploads\/2025\/10\/jornada-descarbonizacion-ACLIMA-octubre-2025-400x238.jpeg 400w, https:\/\/campezo.com\/wp-content\/uploads\/2025\/10\/jornada-descarbonizacion-ACLIMA-octubre-2025-600x357.jpeg 600w, https:\/\/campezo.com\/wp-content\/uploads\/2025\/10\/jornada-descarbonizacion-ACLIMA-octubre-2025-768x457.jpeg 768w, https:\/\/campezo.com\/wp-content\/uploads\/2025\/10\/jornada-descarbonizacion-ACLIMA-octubre-2025-800x476.jpeg 800w, https:\/\/campezo.com\/wp-content\/uploads\/2025\/10\/jornada-descarbonizacion-ACLIMA-octubre-2025-1024x610.jpeg 1024w, https:\/\/campezo.com\/wp-content\/uploads\/2025\/10\/jornada-descarbonizacion-ACLIMA-octubre-2025-1200x714.jpeg 1200w, https:\/\/campezo.com\/wp-content\/uploads\/2025\/10\/jornada-descarbonizacion-ACLIMA-octubre-2025-1536x914.jpeg 1536w\" data-sizes=\"auto\" data-orig-sizes=\"(max-width: 1024px) 100vw, 1024px\" \/><\/p>\n<p><a href=\"https:\/\/aclima.eus\/decarbonhub\/\"><b>Jornada DECARBON HUB: Reescribiendo el relato de la descarbonizaci\u00f3n<\/b><\/a><\/p>\n<p><a href=\"https:\/\/lnkd.in\/dqsvDqij\"><b>+info<\/b><\/a><\/p>\n<p>&nbsp;<\/p>\n","protected":false},"excerpt":{"rendered":"<p>Las metas europeas son\u00a0ambiciosas y legalmente vinculantes: reducir al menos un 55% las emisiones en 2030 y alcanzar el 90% en 2040. Para lograrlo, la\u00a0Comisi\u00f3n Europea\u00a0ha elevado a un lugar prioritario \u00e1mbitos como la\u00a0captura, uso y almacenamiento de carbono, as\u00ed como los mecanismos de compensaci\u00f3n. En esta nueva hoja de ruta, es clave incorporar enfoques<\/p>\n","protected":false},"author":3,"featured_media":9354,"comment_status":"open","ping_status":"open","sticky":false,"template":"","format":"standard","meta":{"_acf_changed":false,"footnotes":""},"categories":[262,283,323],"tags":[],"class_list":["post-9356","post","type-post","status-publish","format-standard","has-post-thumbnail","hentry","category-asg-erantzukizun-sozial-korporatiboa","category-korporatiboa","category-sector-eu"],"acf":[],"_links":{"self":[{"href":"https:\/\/campezo.com\/eu\/wp-json\/wp\/v2\/posts\/9356","targetHints":{"allow":["GET"]}}],"collection":[{"href":"https:\/\/campezo.com\/eu\/wp-json\/wp\/v2\/posts"}],"about":[{"href":"https:\/\/campezo.com\/eu\/wp-json\/wp\/v2\/types\/post"}],"author":[{"embeddable":true,"href":"https:\/\/campezo.com\/eu\/wp-json\/wp\/v2\/users\/3"}],"replies":[{"embeddable":true,"href":"https:\/\/campezo.com\/eu\/wp-json\/wp\/v2\/comments?post=9356"}],"version-history":[{"count":2,"href":"https:\/\/campezo.com\/eu\/wp-json\/wp\/v2\/posts\/9356\/revisions"}],"predecessor-version":[{"id":9367,"href":"https:\/\/campezo.com\/eu\/wp-json\/wp\/v2\/posts\/9356\/revisions\/9367"}],"wp:featuredmedia":[{"embeddable":true,"href":"https:\/\/campezo.com\/eu\/wp-json\/wp\/v2\/media\/9354"}],"wp:attachment":[{"href":"https:\/\/campezo.com\/eu\/wp-json\/wp\/v2\/media?parent=9356"}],"wp:term":[{"taxonomy":"category","embeddable":true,"href":"https:\/\/campezo.com\/eu\/wp-json\/wp\/v2\/categories?post=9356"},{"taxonomy":"post_tag","embeddable":true,"href":"https:\/\/campezo.com\/eu\/wp-json\/wp\/v2\/tags?post=9356"}],"curies":[{"name":"wp","href":"https:\/\/api.w.org\/{rel}","templated":true}]}}